{"id":26167,"date":"2025-05-05T17:43:31","date_gmt":"2025-05-05T16:43:31","guid":{"rendered":"https:\/\/nakonju.si\/?p=26167"},"modified":"2025-05-15T09:55:49","modified_gmt":"2025-05-15T08:55:49","slug":"dan-druzin-program-2","status":"publish","type":"post","link":"https:\/\/nakonju.si\/eng\/dan-druzin-program-2\/","title":{"rendered":"DAN DRU\u017dIN 2025 &#8211; PROGRAM"},"content":{"rendered":"<p class=\"has-text-dark-color has-text-color has-link-color wp-elements-e69cf7c9f43bc6795df5601ad19e3bcb\">Tudi letos pripravljamo \u017ee tradicionalno dru\u017eenje ob mednarodnem dnevu dru\u017ein, a tokrat v prav posebnem vzdu\u0161ju, saj na\u0161 zavod Nazaj na konja praznuje 20 let delovanja, hkrati pa obele\u017eujemo 10 let, odkar smo postali izvajalci vsebin &#8220;centra za dru\u017eine&#8221;.<br>Vabimo vas, da obi\u0161\u010dete dogodke, ki jih organiziramo maja v Konjeni\u0161kem parku Staro\u0161ince, in sicer:<\/p>\n\n\n\n<p class=\"has-text-dark-color has-text-color has-background has-link-color has-medium-font-size wp-elements-4b76107047641082e90efa1adc04e36a\" style=\"background-color:#d2ae6d\"><strong>\u010cetrtek, 15. maj ob 19.30<\/strong> &#8211; ODPOVEDANO<\/p>\n\n\n\n<p class=\"has-text-dark-color has-text-color has-background has-link-color has-medium-font-size wp-elements-ba5994b01f3c7419c55a77ed73d66101\" style=\"background-color:#d2ae6d\"><strong>Petek, 16.maj, 12.00 &#8211; 21.00<\/strong> <\/p>\n\n\n\n<p>Pripravljamo <strong>raznolik program za vse generacije<\/strong>: razli\u010dne ustvarjalne delavnice <img decoding=\"async\" height=\"16\" width=\"16\" src=\"https:\/\/static.xx.fbcdn.net\/images\/emoji.php\/v9\/t82\/1\/16\/1f3a8.png\" alt=\"\ud83c\udfa8\">. pogovore <img decoding=\"async\" height=\"16\" width=\"16\" src=\"https:\/\/static.xx.fbcdn.net\/images\/emoji.php\/v9\/t64\/1\/16\/1f91d.png\" alt=\"\ud83e\udd1d\">, dru\u017eenje s konji <img decoding=\"async\" height=\"16\" width=\"16\" src=\"https:\/\/static.xx.fbcdn.net\/images\/emoji.php\/v9\/t1\/1\/16\/1f40e.png\" alt=\"\ud83d\udc0e\"> in seveda tudi nadvse zanimiv kulturni program<img loading=\"lazy\" decoding=\"async\" height=\"16\" width=\"16\" src=\"https:\/\/static.xx.fbcdn.net\/images\/emoji.php\/v9\/t1f\/1\/16\/1f3b6.png\" alt=\"\ud83c\udfb6\">&#8230;<\/p>\n\n\n\n<p>Svoje <strong>programe in bogat doprinos k dru\u017ebi<\/strong> bodo predstavljale naslednje organizacije:<br><img loading=\"lazy\" decoding=\"async\" height=\"16\" width=\"16\" src=\"https:\/\/static.xx.fbcdn.net\/images\/emoji.php\/v9\/t72\/1\/16\/1f538.png\" alt=\"\ud83d\udd38\">\u010clani konzorcija projekta <a href=\"https:\/\/nakonju.si\/eng\/projekti\/povezani-za-ljudi\/\" data-type=\"link\" data-id=\"https:\/\/nakonju.si\/projekti\/povezani-za-ljudi\/\">\ud835\udc0f\ud835\udc28\ud835\udc2f\ud835\udc1e\ud835\udc33\ud835\udc1a\ud835\udc27\ud835\udc22 \ud835\udc33\ud835\udc1a \ud835\udc25\ud835\udc23\ud835\udc2e\ud835\udc1d\ud835\udc22<\/a><br>&#8211; <a href=\"https:\/\/nakonju.si\/eng\/\">Nazaj na konja<\/a><br>&#8211; <a href=\"https:\/\/www.facebook.com\/zavodPIP?__cft__[0]=AZXcd5cj1fPkw2DJQZAEXj6FkZlSfpDbBOdpC8lnrPxyh4VsNOkMjDIof3CcR78bBV36Nk1Y-KDtOJ-TVeNV5eJLZrMU33BbLtDLnmsba5ljHTsT8RSkJ1-vC7RnOab5JBWm34QWOcw8sDxoc-jUFeNIE4l_ScmKnuzauDEy-YqtmoDTxbYeqQJMpqlUoqa7hhQ&amp;__tn__=-]K-R\" target=\"_blank\" rel=\"noopener\">Zavod PIP<\/a><br>&#8211; <a href=\"https:\/\/www.facebook.com\/ZPMMaribor?__cft__[0]=AZXcd5cj1fPkw2DJQZAEXj6FkZlSfpDbBOdpC8lnrPxyh4VsNOkMjDIof3CcR78bBV36Nk1Y-KDtOJ-TVeNV5eJLZrMU33BbLtDLnmsba5ljHTsT8RSkJ1-vC7RnOab5JBWm34QWOcw8sDxoc-jUFeNIE4l_ScmKnuzauDEy-YqtmoDTxbYeqQJMpqlUoqa7hhQ&amp;__tn__=-]K-R\" target=\"_blank\" rel=\"noopener\">Zveza Prijateljev Mladine Maribor<\/a><br>&#8211; <a href=\"https:\/\/www.facebook.com\/kraljiuliceMaribor?__cft__[0]=AZXcd5cj1fPkw2DJQZAEXj6FkZlSfpDbBOdpC8lnrPxyh4VsNOkMjDIof3CcR78bBV36Nk1Y-KDtOJ-TVeNV5eJLZrMU33BbLtDLnmsba5ljHTsT8RSkJ1-vC7RnOab5JBWm34QWOcw8sDxoc-jUFeNIE4l_ScmKnuzauDEy-YqtmoDTxbYeqQJMpqlUoqa7hhQ&amp;__tn__=-]K-R\" target=\"_blank\" rel=\"noopener\">Kralji ulice Maribor<\/a><br>&#8211; <a href=\"https:\/\/www.facebook.com\/profile.php?id=100063760441789&amp;__cft__[0]=AZXcd5cj1fPkw2DJQZAEXj6FkZlSfpDbBOdpC8lnrPxyh4VsNOkMjDIof3CcR78bBV36Nk1Y-KDtOJ-TVeNV5eJLZrMU33BbLtDLnmsba5ljHTsT8RSkJ1-vC7RnOab5JBWm34QWOcw8sDxoc-jUFeNIE4l_ScmKnuzauDEy-YqtmoDTxbYeqQJMpqlUoqa7hhQ&amp;__tn__=-]K-R\" target=\"_blank\" rel=\"noopener\">Zavod Franko Maribor<\/a><\/p>\n\n\n\n<p><img loading=\"lazy\" decoding=\"async\" height=\"16\" width=\"16\" src=\"https:\/\/static.xx.fbcdn.net\/images\/emoji.php\/v9\/t72\/1\/16\/1f538.png\" alt=\"\ud83d\udd38\"><a href=\"https:\/\/www.facebook.com\/profile.php?id=61572603651034&amp;__cft__[0]=AZXcd5cj1fPkw2DJQZAEXj6FkZlSfpDbBOdpC8lnrPxyh4VsNOkMjDIof3CcR78bBV36Nk1Y-KDtOJ-TVeNV5eJLZrMU33BbLtDLnmsba5ljHTsT8RSkJ1-vC7RnOab5JBWm34QWOcw8sDxoc-jUFeNIE4l_ScmKnuzauDEy-YqtmoDTxbYeqQJMpqlUoqa7hhQ&amp;__tn__=-]K-R\" target=\"_blank\" rel=\"noopener\">Center za krepitev zdravja ZD Maribor<\/a><br><img loading=\"lazy\" decoding=\"async\" height=\"16\" width=\"16\" src=\"https:\/\/static.xx.fbcdn.net\/images\/emoji.php\/v9\/t72\/1\/16\/1f538.png\" alt=\"\ud83d\udd38\"><a href=\"https:\/\/www.facebook.com\/profile.php?id=100064327256190&amp;__cft__[0]=AZXcd5cj1fPkw2DJQZAEXj6FkZlSfpDbBOdpC8lnrPxyh4VsNOkMjDIof3CcR78bBV36Nk1Y-KDtOJ-TVeNV5eJLZrMU33BbLtDLnmsba5ljHTsT8RSkJ1-vC7RnOab5JBWm34QWOcw8sDxoc-jUFeNIE4l_ScmKnuzauDEy-YqtmoDTxbYeqQJMpqlUoqa7hhQ&amp;__tn__=-]K-R\" target=\"_blank\" rel=\"noopener\">Center za pomo\u010d na domu Maribor<\/a><br><img loading=\"lazy\" decoding=\"async\" height=\"16\" width=\"16\" src=\"https:\/\/static.xx.fbcdn.net\/images\/emoji.php\/v9\/t72\/1\/16\/1f538.png\" alt=\"\ud83d\udd38\"><a href=\"https:\/\/www.facebook.com\/profile.php?id=100064234143974&amp;__cft__[0]=AZXcd5cj1fPkw2DJQZAEXj6FkZlSfpDbBOdpC8lnrPxyh4VsNOkMjDIof3CcR78bBV36Nk1Y-KDtOJ-TVeNV5eJLZrMU33BbLtDLnmsba5ljHTsT8RSkJ1-vC7RnOab5JBWm34QWOcw8sDxoc-jUFeNIE4l_ScmKnuzauDEy-YqtmoDTxbYeqQJMpqlUoqa7hhQ&amp;__tn__=-]K-R\" target=\"_blank\" rel=\"noopener\">Ljudska univerza Ptuj<\/a> in Center za dru\u017eine <a href=\"https:\/\/www.facebook.com\/spajzamodrosti?__cft__[0]=AZXcd5cj1fPkw2DJQZAEXj6FkZlSfpDbBOdpC8lnrPxyh4VsNOkMjDIof3CcR78bBV36Nk1Y-KDtOJ-TVeNV5eJLZrMU33BbLtDLnmsba5ljHTsT8RSkJ1-vC7RnOab5JBWm34QWOcw8sDxoc-jUFeNIE4l_ScmKnuzauDEy-YqtmoDTxbYeqQJMpqlUoqa7hhQ&amp;__tn__=-]K-R\" target=\"_blank\" rel=\"noopener\">\u0160pajza modrosti<\/a><br><img loading=\"lazy\" decoding=\"async\" height=\"16\" width=\"16\" src=\"https:\/\/static.xx.fbcdn.net\/images\/emoji.php\/v9\/t72\/1\/16\/1f538.png\" alt=\"\ud83d\udd38\"><a href=\"https:\/\/www.facebook.com\/LUOrmoz?__cft__[0]=AZXcd5cj1fPkw2DJQZAEXj6FkZlSfpDbBOdpC8lnrPxyh4VsNOkMjDIof3CcR78bBV36Nk1Y-KDtOJ-TVeNV5eJLZrMU33BbLtDLnmsba5ljHTsT8RSkJ1-vC7RnOab5JBWm34QWOcw8sDxoc-jUFeNIE4l_ScmKnuzauDEy-YqtmoDTxbYeqQJMpqlUoqa7hhQ&amp;__tn__=-]K-R\" target=\"_blank\" rel=\"noopener\">Ljudska univerza Ormo\u017e<\/a> in <a href=\"https:\/\/www.facebook.com\/CenterzadruzineOrmoz?__cft__[0]=AZXcd5cj1fPkw2DJQZAEXj6FkZlSfpDbBOdpC8lnrPxyh4VsNOkMjDIof3CcR78bBV36Nk1Y-KDtOJ-TVeNV5eJLZrMU33BbLtDLnmsba5ljHTsT8RSkJ1-vC7RnOab5JBWm34QWOcw8sDxoc-jUFeNIE4l_ScmKnuzauDEy-YqtmoDTxbYeqQJMpqlUoqa7hhQ&amp;__tn__=-]K-R\" target=\"_blank\" rel=\"noopener\">Center za dru\u017eine Ormo\u017e<\/a><br><img loading=\"lazy\" decoding=\"async\" height=\"16\" width=\"16\" src=\"https:\/\/static.xx.fbcdn.net\/images\/emoji.php\/v9\/t72\/1\/16\/1f538.png\" alt=\"\ud83d\udd38\"><a href=\"https:\/\/www.facebook.com\/profile.php?id=61566040211545&amp;__cft__[0]=AZXcd5cj1fPkw2DJQZAEXj6FkZlSfpDbBOdpC8lnrPxyh4VsNOkMjDIof3CcR78bBV36Nk1Y-KDtOJ-TVeNV5eJLZrMU33BbLtDLnmsba5ljHTsT8RSkJ1-vC7RnOab5JBWm34QWOcw8sDxoc-jUFeNIE4l_ScmKnuzauDEy-YqtmoDTxbYeqQJMpqlUoqa7hhQ&amp;__tn__=-]K-R\" target=\"_blank\" rel=\"noopener\">VGC+ Srce \u0160tajerske<\/a><br><img loading=\"lazy\" decoding=\"async\" height=\"16\" width=\"16\" src=\"https:\/\/static.xx.fbcdn.net\/images\/emoji.php\/v9\/t72\/1\/16\/1f538.png\" alt=\"\ud83d\udd38\"><a href=\"https:\/\/www.facebook.com\/profile.php?id=61567775595597&amp;__cft__[0]=AZXcd5cj1fPkw2DJQZAEXj6FkZlSfpDbBOdpC8lnrPxyh4VsNOkMjDIof3CcR78bBV36Nk1Y-KDtOJ-TVeNV5eJLZrMU33BbLtDLnmsba5ljHTsT8RSkJ1-vC7RnOab5JBWm34QWOcw8sDxoc-jUFeNIE4l_ScmKnuzauDEy-YqtmoDTxbYeqQJMpqlUoqa7hhQ&amp;__tn__=-]K-R\" target=\"_blank\" rel=\"noopener\">Ve\u010dgeneracijski center Sti\u010di\u0161\u010de<\/a><br><img loading=\"lazy\" decoding=\"async\" height=\"16\" width=\"16\" src=\"https:\/\/static.xx.fbcdn.net\/images\/emoji.php\/v9\/t72\/1\/16\/1f538.png\" alt=\"\ud83d\udd38\"><a href=\"https:\/\/www.facebook.com\/mdc.mavrica?__cft__[0]=AZXcd5cj1fPkw2DJQZAEXj6FkZlSfpDbBOdpC8lnrPxyh4VsNOkMjDIof3CcR78bBV36Nk1Y-KDtOJ-TVeNV5eJLZrMU33BbLtDLnmsba5ljHTsT8RSkJ1-vC7RnOab5JBWm34QWOcw8sDxoc-jUFeNIE4l_ScmKnuzauDEy-YqtmoDTxbYeqQJMpqlUoqa7hhQ&amp;__tn__=-]K-R\" target=\"_blank\" rel=\"noopener\">MDC Mavrica<\/a> &#8211; medgeneracijski dnevni center<br><img loading=\"lazy\" decoding=\"async\" height=\"16\" width=\"16\" src=\"https:\/\/static.xx.fbcdn.net\/images\/emoji.php\/v9\/t72\/1\/16\/1f538.png\" alt=\"\ud83d\udd38\"><a href=\"https:\/\/www.facebook.com\/SkupajZaMoc?__cft__[0]=AZXcd5cj1fPkw2DJQZAEXj6FkZlSfpDbBOdpC8lnrPxyh4VsNOkMjDIof3CcR78bBV36Nk1Y-KDtOJ-TVeNV5eJLZrMU33BbLtDLnmsba5ljHTsT8RSkJ1-vC7RnOab5JBWm34QWOcw8sDxoc-jUFeNIE4l_ScmKnuzauDEy-YqtmoDTxbYeqQJMpqlUoqa7hhQ&amp;__tn__=-]K-R\" target=\"_blank\" rel=\"noopener\">Zdru\u017eenje za MO\u010c<\/a><br><img loading=\"lazy\" decoding=\"async\" height=\"16\" width=\"16\" src=\"https:\/\/static.xx.fbcdn.net\/images\/emoji.php\/v9\/t72\/1\/16\/1f538.png\" alt=\"\ud83d\udd38\"> <a href=\"https:\/\/www.facebook.com\/profile.php?id=100086097023260\" data-type=\"link\" data-id=\"https:\/\/www.facebook.com\/profile.php?id=100086097023260\" target=\"_blank\" rel=\"noopener\">PIKA.Dnevni center za otroke in mladostnike Maribor<\/a><br><img loading=\"lazy\" decoding=\"async\" height=\"16\" width=\"16\" src=\"https:\/\/static.xx.fbcdn.net\/images\/emoji.php\/v9\/t72\/1\/16\/1f538.png\" alt=\"\ud83d\udd38\"> <a href=\"https:\/\/www.facebook.com\/profile.php?id=61567775595597\" data-type=\"link\" data-id=\"https:\/\/www.facebook.com\/profile.php?id=61567775595597\" target=\"_blank\" rel=\"noopener\">VGC+ STI\u010cI\u0160\u010cE<\/a><br><\/p>\n\n\n\n<figure class=\"wp-block-image size-large\"><img loading=\"lazy\" decoding=\"async\" width=\"724\" height=\"1024\" src=\"https:\/\/nakonju.si\/wp-content\/uploads\/2025\/05\/PROGRAM-DAN-DRUZIN-2025-manjsa-724x1024.png\" alt=\"\" class=\"wp-image-26248\" srcset=\"https:\/\/nakonju.si\/wp-content\/uploads\/2025\/05\/PROGRAM-DAN-DRUZIN-2025-manjsa-724x1024.png 724w, https:\/\/nakonju.si\/wp-content\/uploads\/2025\/05\/PROGRAM-DAN-DRUZIN-2025-manjsa-212x300.png 212w, https:\/\/nakonju.si\/wp-content\/uploads\/2025\/05\/PROGRAM-DAN-DRUZIN-2025-manjsa-768x1086.png 768w, https:\/\/nakonju.si\/wp-content\/uploads\/2025\/05\/PROGRAM-DAN-DRUZIN-2025-manjsa-1086x1536.png 1086w, https:\/\/nakonju.si\/wp-content\/uploads\/2025\/05\/PROGRAM-DAN-DRUZIN-2025-manjsa-8x12.png 8w, https:\/\/nakonju.si\/wp-content\/uploads\/2025\/05\/PROGRAM-DAN-DRUZIN-2025-manjsa-370x523.png 370w, https:\/\/nakonju.si\/wp-content\/uploads\/2025\/05\/PROGRAM-DAN-DRUZIN-2025-manjsa-840x1188.png 840w, https:\/\/nakonju.si\/wp-content\/uploads\/2025\/05\/PROGRAM-DAN-DRUZIN-2025-manjsa-410x580.png 410w, https:\/\/nakonju.si\/wp-content\/uploads\/2025\/05\/PROGRAM-DAN-DRUZIN-2025-manjsa-600x849.png 600w, https:\/\/nakonju.si\/wp-content\/uploads\/2025\/05\/PROGRAM-DAN-DRUZIN-2025-manjsa.png 1414w\" sizes=\"(max-width: 724px) 100vw, 724px\" \/><\/figure>\n\n\n\n<p>Povezava do dogodka: <strong> <a href=\"https:\/\/fb.me\/e\/69toTl4PR\" target=\"_blank\" rel=\"noopener\">https:\/\/fb.me\/e\/69toTl4PR<\/a><\/strong><\/p>\n\n\n\n<p><\/p>\n\n\n\n<p class=\"has-text-dark-color has-text-color has-background has-link-color has-medium-font-size wp-elements-37683ca9184f6a19d9b924d8878cf934\" style=\"background-color:#d2ae6d\"><strong>Sobota, 17. maj, 12.00 &#8211; 21.00<\/strong><\/p>\n\n\n\n<p>Pripravljamo <strong>raznolik program za vse generacije<\/strong>: razli\u010dne ustvarjalne delavnice <img decoding=\"async\" height=\"16\" width=\"16\" src=\"https:\/\/static.xx.fbcdn.net\/images\/emoji.php\/v9\/t82\/1\/16\/1f3a8.png\" alt=\"\ud83c\udfa8\">. pogovore <img decoding=\"async\" height=\"16\" width=\"16\" src=\"https:\/\/static.xx.fbcdn.net\/images\/emoji.php\/v9\/t64\/1\/16\/1f91d.png\" alt=\"\ud83e\udd1d\">, dru\u017eenje s konji <img decoding=\"async\" height=\"16\" width=\"16\" src=\"https:\/\/static.xx.fbcdn.net\/images\/emoji.php\/v9\/t1\/1\/16\/1f40e.png\" alt=\"\ud83d\udc0e\"> in seveda tudi nadvse zanimiv kulturni program<img loading=\"lazy\" decoding=\"async\" height=\"16\" width=\"16\" src=\"https:\/\/static.xx.fbcdn.net\/images\/emoji.php\/v9\/t1f\/1\/16\/1f3b6.png\" alt=\"\ud83c\udfb6\">&#8230;<\/p>\n\n\n\n<p>Svoje \ud835\udc29\ud835\udc2b\ud835\udc28\ud835\udc20\ud835\udc2b\ud835\udc1a\ud835\udc26\ud835\udc1e \ud835\udc22\ud835\udc27 \ud835\udc1b\ud835\udc28\ud835\udc20\ud835\udc1a\ud835\udc2d \ud835\udc1d\ud835\udc28\ud835\udc29\ud835\udc2b\ud835\udc22\ud835\udc27\ud835\udc28\ud835\udc2c \ud835\udc24 \ud835\udc1d\ud835\udc2b\ud835\udc2e\ud835\udc33\u030c\ud835\udc1b\ud835\udc22 bosta predstavljali tudi naslednji organizaciji:<br><img loading=\"lazy\" decoding=\"async\" height=\"16\" width=\"16\" src=\"https:\/\/static.xx.fbcdn.net\/images\/emoji.php\/v9\/t72\/1\/16\/1f538.png\" alt=\"\ud83d\udd38\"> <a href=\"https:\/\/www.facebook.com\/HelenDoronEnglishPtuj\/?locale=sl_SI\" target=\"_blank\" rel=\"noopener\">Helen Doron English Ptuj<\/a><br><img loading=\"lazy\" decoding=\"async\" height=\"16\" width=\"16\" src=\"https:\/\/static.xx.fbcdn.net\/images\/emoji.php\/v9\/t72\/1\/16\/1f538.png\" alt=\"\ud83d\udd38\"> <a href=\"https:\/\/www.facebook.com\/drustvohospic?__cft__[0]=AZXcd5cj1fPkw2DJQZAEXj6FkZlSfpDbBOdpC8lnrPxyh4VsNOkMjDIof3CcR78bBV36Nk1Y-KDtOJ-TVeNV5eJLZrMU33BbLtDLnmsba5ljHTsT8RSkJ1-vC7RnOab5JBWm34QWOcw8sDxoc-jUFeNIE4l_ScmKnuzauDEy-YqtmoDTxbYeqQJMpqlUoqa7hhQ&amp;__tn__=-]K-R\" target=\"_blank\" rel=\"noopener\">Slovensko dru\u0161tvo Hospic<\/a><br><img loading=\"lazy\" decoding=\"async\" height=\"16\" width=\"16\" src=\"https:\/\/static.xx.fbcdn.net\/images\/emoji.php\/v9\/t72\/1\/16\/1f538.png\" alt=\"\ud83d\udd38\"> <a href=\"https:\/\/www.facebook.com\/profile.php?id=61567768395745&amp;__cft__[0]=AZXcd5cj1fPkw2DJQZAEXj6FkZlSfpDbBOdpC8lnrPxyh4VsNOkMjDIof3CcR78bBV36Nk1Y-KDtOJ-TVeNV5eJLZrMU33BbLtDLnmsba5ljHTsT8RSkJ1-vC7RnOab5JBWm34QWOcw8sDxoc-jUFeNIE4l_ScmKnuzauDEy-YqtmoDTxbYeqQJMpqlUoqa7hhQ&amp;__tn__=-]K-R\" target=\"_blank\" rel=\"noopener\">Clay N Chisel<\/a><br><img loading=\"lazy\" decoding=\"async\" height=\"16\" width=\"16\" src=\"https:\/\/static.xx.fbcdn.net\/images\/emoji.php\/v9\/t72\/1\/16\/1f538.png\" alt=\"\ud83d\udd38\"> Dru\u0161tvo Salezijanski mladinski center Maribor &#8211; <a href=\"https:\/\/www.facebook.com\/SMCMaribor?__cft__[0]=AZXcd5cj1fPkw2DJQZAEXj6FkZlSfpDbBOdpC8lnrPxyh4VsNOkMjDIof3CcR78bBV36Nk1Y-KDtOJ-TVeNV5eJLZrMU33BbLtDLnmsba5ljHTsT8RSkJ1-vC7RnOab5JBWm34QWOcw8sDxoc-jUFeNIE4l_ScmKnuzauDEy-YqtmoDTxbYeqQJMpqlUoqa7hhQ&amp;__tn__=-]K-R\" target=\"_blank\" rel=\"noopener\">Dru\u0161tvo SMC Maribor<\/a><\/p>\n\n\n\n<p><\/p>\n\n\n\n<figure class=\"wp-block-image size-large\"><img loading=\"lazy\" decoding=\"async\" width=\"724\" height=\"1024\" src=\"https:\/\/nakonju.si\/wp-content\/uploads\/2025\/05\/PROGRAM-DAN-DRUZIN-2025-sobotamanjsa-1-724x1024.png\" alt=\"\" class=\"wp-image-26251\" srcset=\"https:\/\/nakonju.si\/wp-content\/uploads\/2025\/05\/PROGRAM-DAN-DRUZIN-2025-sobotamanjsa-1-724x1024.png 724w, https:\/\/nakonju.si\/wp-content\/uploads\/2025\/05\/PROGRAM-DAN-DRUZIN-2025-sobotamanjsa-1-212x300.png 212w, https:\/\/nakonju.si\/wp-content\/uploads\/2025\/05\/PROGRAM-DAN-DRUZIN-2025-sobotamanjsa-1-768x1086.png 768w, https:\/\/nakonju.si\/wp-content\/uploads\/2025\/05\/PROGRAM-DAN-DRUZIN-2025-sobotamanjsa-1-1086x1536.png 1086w, https:\/\/nakonju.si\/wp-content\/uploads\/2025\/05\/PROGRAM-DAN-DRUZIN-2025-sobotamanjsa-1-8x12.png 8w, https:\/\/nakonju.si\/wp-content\/uploads\/2025\/05\/PROGRAM-DAN-DRUZIN-2025-sobotamanjsa-1-370x523.png 370w, https:\/\/nakonju.si\/wp-content\/uploads\/2025\/05\/PROGRAM-DAN-DRUZIN-2025-sobotamanjsa-1-840x1188.png 840w, https:\/\/nakonju.si\/wp-content\/uploads\/2025\/05\/PROGRAM-DAN-DRUZIN-2025-sobotamanjsa-1-410x580.png 410w, https:\/\/nakonju.si\/wp-content\/uploads\/2025\/05\/PROGRAM-DAN-DRUZIN-2025-sobotamanjsa-1-600x849.png 600w, https:\/\/nakonju.si\/wp-content\/uploads\/2025\/05\/PROGRAM-DAN-DRUZIN-2025-sobotamanjsa-1.png 1414w\" sizes=\"(max-width: 724px) 100vw, 724px\" \/><\/figure>\n\n\n\n<p>Povezava do dogodka: <strong> <a href=\"https:\/\/fb.me\/e\/69toTl4PR\" target=\"_blank\" rel=\"noopener\">https:\/\/fb.me\/e\/69toTl4PR<\/a><\/strong><\/p>\n\n\n\n<p><em>Vstop na vse dogodke je <strong>brezpla\u010den<\/strong>, saj program sofinancirata Ministrstvo za delo, dru\u017eino, socialne zadeve in enake mo\u017enosti ter Ob\u010dina Kidri\u010devo.<\/em><\/p>\n\n\n\n<figure class=\"wp-block-image size-large is-resized\"><img loading=\"lazy\" decoding=\"async\" width=\"1024\" height=\"537\" src=\"https:\/\/nakonju.si\/wp-content\/uploads\/2025\/05\/Dan-druzin-2025-Glasbena-predstava-DRUZINSKO-GLEDALISCE-OBJEM-1-1024x537.png\" alt=\"\" class=\"wp-image-26172\" style=\"width:634px;height:auto\" srcset=\"https:\/\/nakonju.si\/wp-content\/uploads\/2025\/05\/Dan-druzin-2025-Glasbena-predstava-DRUZINSKO-GLEDALISCE-OBJEM-1-1024x537.png 1024w, https:\/\/nakonju.si\/wp-content\/uploads\/2025\/05\/Dan-druzin-2025-Glasbena-predstava-DRUZINSKO-GLEDALISCE-OBJEM-1-300x157.png 300w, https:\/\/nakonju.si\/wp-content\/uploads\/2025\/05\/Dan-druzin-2025-Glasbena-predstava-DRUZINSKO-GLEDALISCE-OBJEM-1-768x402.png 768w, https:\/\/nakonju.si\/wp-content\/uploads\/2025\/05\/Dan-druzin-2025-Glasbena-predstava-DRUZINSKO-GLEDALISCE-OBJEM-1-1536x805.png 1536w, https:\/\/nakonju.si\/wp-content\/uploads\/2025\/05\/Dan-druzin-2025-Glasbena-predstava-DRUZINSKO-GLEDALISCE-OBJEM-1-18x9.png 18w, https:\/\/nakonju.si\/wp-content\/uploads\/2025\/05\/Dan-druzin-2025-Glasbena-predstava-DRUZINSKO-GLEDALISCE-OBJEM-1-370x194.png 370w, https:\/\/nakonju.si\/wp-content\/uploads\/2025\/05\/Dan-druzin-2025-Glasbena-predstava-DRUZINSKO-GLEDALISCE-OBJEM-1-840x440.png 840w, https:\/\/nakonju.si\/wp-content\/uploads\/2025\/05\/Dan-druzin-2025-Glasbena-predstava-DRUZINSKO-GLEDALISCE-OBJEM-1-410x215.png 410w, https:\/\/nakonju.si\/wp-content\/uploads\/2025\/05\/Dan-druzin-2025-Glasbena-predstava-DRUZINSKO-GLEDALISCE-OBJEM-1-600x314.png 600w, https:\/\/nakonju.si\/wp-content\/uploads\/2025\/05\/Dan-druzin-2025-Glasbena-predstava-DRUZINSKO-GLEDALISCE-OBJEM-1.png 2048w\" sizes=\"(max-width: 1024px) 100vw, 1024px\" \/><\/figure>\n\n\n\n<figure class=\"wp-block-image size-large is-resized\"><img loading=\"lazy\" decoding=\"async\" width=\"1024\" height=\"537\" src=\"https:\/\/nakonju.si\/wp-content\/uploads\/2025\/05\/Dan-druzin-2025-DIMEK-DAVOR-KLARIC-1-1024x537.png\" alt=\"\" class=\"wp-image-26173\" style=\"width:641px;height:auto\" srcset=\"https:\/\/nakonju.si\/wp-content\/uploads\/2025\/05\/Dan-druzin-2025-DIMEK-DAVOR-KLARIC-1-1024x537.png 1024w, https:\/\/nakonju.si\/wp-content\/uploads\/2025\/05\/Dan-druzin-2025-DIMEK-DAVOR-KLARIC-1-300x157.png 300w, https:\/\/nakonju.si\/wp-content\/uploads\/2025\/05\/Dan-druzin-2025-DIMEK-DAVOR-KLARIC-1-768x402.png 768w, https:\/\/nakonju.si\/wp-content\/uploads\/2025\/05\/Dan-druzin-2025-DIMEK-DAVOR-KLARIC-1-1536x805.png 1536w, https:\/\/nakonju.si\/wp-content\/uploads\/2025\/05\/Dan-druzin-2025-DIMEK-DAVOR-KLARIC-1-18x9.png 18w, https:\/\/nakonju.si\/wp-content\/uploads\/2025\/05\/Dan-druzin-2025-DIMEK-DAVOR-KLARIC-1-370x194.png 370w, https:\/\/nakonju.si\/wp-content\/uploads\/2025\/05\/Dan-druzin-2025-DIMEK-DAVOR-KLARIC-1-840x440.png 840w, https:\/\/nakonju.si\/wp-content\/uploads\/2025\/05\/Dan-druzin-2025-DIMEK-DAVOR-KLARIC-1-410x215.png 410w, https:\/\/nakonju.si\/wp-content\/uploads\/2025\/05\/Dan-druzin-2025-DIMEK-DAVOR-KLARIC-1-600x314.png 600w, https:\/\/nakonju.si\/wp-content\/uploads\/2025\/05\/Dan-druzin-2025-DIMEK-DAVOR-KLARIC-1.png 2048w\" sizes=\"(max-width: 1024px) 100vw, 1024px\" \/><\/figure>\n\n\n\n<figure class=\"wp-block-image size-large is-resized\"><img loading=\"lazy\" decoding=\"async\" width=\"1024\" height=\"537\" src=\"https:\/\/nakonju.si\/wp-content\/uploads\/2025\/05\/Dan-druzin-2025-KITARSKI-ORKESTER-Konservatorija-za-glasbo-in-balet-Maribor-PE-Tabor--1024x537.png\" alt=\"\" class=\"wp-image-26175\" style=\"width:641px;height:auto\" srcset=\"https:\/\/nakonju.si\/wp-content\/uploads\/2025\/05\/Dan-druzin-2025-KITARSKI-ORKESTER-Konservatorija-za-glasbo-in-balet-Maribor-PE-Tabor--1024x537.png 1024w, https:\/\/nakonju.si\/wp-content\/uploads\/2025\/05\/Dan-druzin-2025-KITARSKI-ORKESTER-Konservatorija-za-glasbo-in-balet-Maribor-PE-Tabor--300x157.png 300w, https:\/\/nakonju.si\/wp-content\/uploads\/2025\/05\/Dan-druzin-2025-KITARSKI-ORKESTER-Konservatorija-za-glasbo-in-balet-Maribor-PE-Tabor--768x402.png 768w, https:\/\/nakonju.si\/wp-content\/uploads\/2025\/05\/Dan-druzin-2025-KITARSKI-ORKESTER-Konservatorija-za-glasbo-in-balet-Maribor-PE-Tabor--1536x805.png 1536w, https:\/\/nakonju.si\/wp-content\/uploads\/2025\/05\/Dan-druzin-2025-KITARSKI-ORKESTER-Konservatorija-za-glasbo-in-balet-Maribor-PE-Tabor--18x9.png 18w, https:\/\/nakonju.si\/wp-content\/uploads\/2025\/05\/Dan-druzin-2025-KITARSKI-ORKESTER-Konservatorija-za-glasbo-in-balet-Maribor-PE-Tabor--370x194.png 370w, https:\/\/nakonju.si\/wp-content\/uploads\/2025\/05\/Dan-druzin-2025-KITARSKI-ORKESTER-Konservatorija-za-glasbo-in-balet-Maribor-PE-Tabor--840x440.png 840w, https:\/\/nakonju.si\/wp-content\/uploads\/2025\/05\/Dan-druzin-2025-KITARSKI-ORKESTER-Konservatorija-za-glasbo-in-balet-Maribor-PE-Tabor--410x215.png 410w, https:\/\/nakonju.si\/wp-content\/uploads\/2025\/05\/Dan-druzin-2025-KITARSKI-ORKESTER-Konservatorija-za-glasbo-in-balet-Maribor-PE-Tabor--600x314.png 600w, https:\/\/nakonju.si\/wp-content\/uploads\/2025\/05\/Dan-druzin-2025-KITARSKI-ORKESTER-Konservatorija-za-glasbo-in-balet-Maribor-PE-Tabor-.png 2048w\" sizes=\"(max-width: 1024px) 100vw, 1024px\" \/><\/figure>\n\n\n\n<figure class=\"wp-block-image size-large is-resized\"><img loading=\"lazy\" decoding=\"async\" width=\"1024\" height=\"537\" src=\"https:\/\/nakonju.si\/wp-content\/uploads\/2025\/05\/Dan-druzin-2025-OD5-KVARTET-1-1024x537.png\" alt=\"\" class=\"wp-image-26176\" style=\"width:641px;height:auto\" srcset=\"https:\/\/nakonju.si\/wp-content\/uploads\/2025\/05\/Dan-druzin-2025-OD5-KVARTET-1-1024x537.png 1024w, https:\/\/nakonju.si\/wp-content\/uploads\/2025\/05\/Dan-druzin-2025-OD5-KVARTET-1-300x157.png 300w, https:\/\/nakonju.si\/wp-content\/uploads\/2025\/05\/Dan-druzin-2025-OD5-KVARTET-1-768x402.png 768w, https:\/\/nakonju.si\/wp-content\/uploads\/2025\/05\/Dan-druzin-2025-OD5-KVARTET-1-1536x805.png 1536w, https:\/\/nakonju.si\/wp-content\/uploads\/2025\/05\/Dan-druzin-2025-OD5-KVARTET-1-18x9.png 18w, https:\/\/nakonju.si\/wp-content\/uploads\/2025\/05\/Dan-druzin-2025-OD5-KVARTET-1-370x194.png 370w, https:\/\/nakonju.si\/wp-content\/uploads\/2025\/05\/Dan-druzin-2025-OD5-KVARTET-1-840x440.png 840w, https:\/\/nakonju.si\/wp-content\/uploads\/2025\/05\/Dan-druzin-2025-OD5-KVARTET-1-410x215.png 410w, https:\/\/nakonju.si\/wp-content\/uploads\/2025\/05\/Dan-druzin-2025-OD5-KVARTET-1-600x314.png 600w, https:\/\/nakonju.si\/wp-content\/uploads\/2025\/05\/Dan-druzin-2025-OD5-KVARTET-1.png 2048w\" sizes=\"(max-width: 1024px) 100vw, 1024px\" \/><\/figure>\n\n\n\n<hr class=\"wp-block-separator has-alpha-channel-opacity\"\/>\n\n\n\n<figure class=\"wp-block-image size-large is-resized\"><img loading=\"lazy\" decoding=\"async\" width=\"1024\" height=\"537\" src=\"https:\/\/nakonju.si\/wp-content\/uploads\/2025\/05\/Dan-druzin-2025-DRUZINA-na-razpotju-2-1-1024x537.png\" alt=\"\" class=\"wp-image-26174\" style=\"width:643px;height:auto\" srcset=\"https:\/\/nakonju.si\/wp-content\/uploads\/2025\/05\/Dan-druzin-2025-DRUZINA-na-razpotju-2-1-1024x537.png 1024w, https:\/\/nakonju.si\/wp-content\/uploads\/2025\/05\/Dan-druzin-2025-DRUZINA-na-razpotju-2-1-300x157.png 300w, https:\/\/nakonju.si\/wp-content\/uploads\/2025\/05\/Dan-druzin-2025-DRUZINA-na-razpotju-2-1-768x402.png 768w, https:\/\/nakonju.si\/wp-content\/uploads\/2025\/05\/Dan-druzin-2025-DRUZINA-na-razpotju-2-1-1536x805.png 1536w, https:\/\/nakonju.si\/wp-content\/uploads\/2025\/05\/Dan-druzin-2025-DRUZINA-na-razpotju-2-1-18x9.png 18w, https:\/\/nakonju.si\/wp-content\/uploads\/2025\/05\/Dan-druzin-2025-DRUZINA-na-razpotju-2-1-370x194.png 370w, https:\/\/nakonju.si\/wp-content\/uploads\/2025\/05\/Dan-druzin-2025-DRUZINA-na-razpotju-2-1-840x440.png 840w, https:\/\/nakonju.si\/wp-content\/uploads\/2025\/05\/Dan-druzin-2025-DRUZINA-na-razpotju-2-1-410x215.png 410w, https:\/\/nakonju.si\/wp-content\/uploads\/2025\/05\/Dan-druzin-2025-DRUZINA-na-razpotju-2-1-600x314.png 600w, https:\/\/nakonju.si\/wp-content\/uploads\/2025\/05\/Dan-druzin-2025-DRUZINA-na-razpotju-2-1.png 2048w\" sizes=\"(max-width: 1024px) 100vw, 1024px\" \/><\/figure>\n\n\n\n<p><strong>DRU\u017dINA NA RAZPOTJU, glasbeno-umetni\u0161ka predstava<\/strong><\/p>\n\n\n\n<p>META <em>(vokal, klavir)<\/em> &amp; glasbeni gostje <em>(bend)<\/em><\/p>\n\n\n\n<p>Satomi Netsu &amp; Alexandru Pilca <em>(ples)<\/em><\/p>\n\n\n\n<ul class=\"wp-block-list\">\n<li>Kaj se zgodi z ljubeznijo, ko se pristni odnosi nadomestijo z virtualnimi?<\/li>\n\n\n\n<li>Kje se za\u010dne in kon\u010da osamljenost?<\/li>\n\n\n\n<li>Koliko sveta je potrebno prehoditi za objem?<\/li>\n<\/ul>\n\n\n\n<p><\/p>\n\n\n\n<p>Povezava do dogodka z ve\u010d informacijami: <a href=\"https:\/\/fb.me\/e\/6s4SSZlsp\" target=\"_blank\" rel=\"noreferrer noopener\"><strong>https:\/\/fb.me\/e\/6s4SSZlsp<\/strong><\/a><\/p>","protected":false},"excerpt":{"rendered":"<p>Tudi letos pripravljamo \u017ee tradicionalno dru\u017eenje ob mednarodnem dnevu dru\u017ein, a tokrat v prav posebnem vzdu\u0161ju, saj na\u0161 zavod Nazaj na konja praznuje 20 let delovanja, hkrati pa obele\u017eujemo 10&hellip;<\/p>","protected":false},"author":6,"featured_media":26088,"comment_status":"closed","ping_status":"closed","sticky":false,"template":"","format":"standard","meta":{"footnotes":""},"categories":[12],"tags":[],"class_list":["post-26167","post","type-post","status-publish","format-standard","has-post-thumbnail","hentry","category-aktualno"],"_links":{"self":[{"href":"https:\/\/nakonju.si\/eng\/wp-json\/wp\/v2\/posts\/26167","targetHints":{"allow":["GET"]}}],"collection":[{"href":"https:\/\/nakonju.si\/eng\/wp-json\/wp\/v2\/posts"}],"about":[{"href":"https:\/\/nakonju.si\/eng\/wp-json\/wp\/v2\/types\/post"}],"author":[{"embeddable":true,"href":"https:\/\/nakonju.si\/eng\/wp-json\/wp\/v2\/users\/6"}],"replies":[{"embeddable":true,"href":"https:\/\/nakonju.si\/eng\/wp-json\/wp\/v2\/comments?post=26167"}],"version-history":[{"count":20,"href":"https:\/\/nakonju.si\/eng\/wp-json\/wp\/v2\/posts\/26167\/revisions"}],"predecessor-version":[{"id":26257,"href":"https:\/\/nakonju.si\/eng\/wp-json\/wp\/v2\/posts\/26167\/revisions\/26257"}],"wp:featuredmedia":[{"embeddable":true,"href":"https:\/\/nakonju.si\/eng\/wp-json\/wp\/v2\/media\/26088"}],"wp:attachment":[{"href":"https:\/\/nakonju.si\/eng\/wp-json\/wp\/v2\/media?parent=26167"}],"wp:term":[{"taxonomy":"category","embeddable":true,"href":"https:\/\/nakonju.si\/eng\/wp-json\/wp\/v2\/categories?post=26167"},{"taxonomy":"post_tag","embeddable":true,"href":"https:\/\/nakonju.si\/eng\/wp-json\/wp\/v2\/tags?post=26167"}],"curies":[{"name":"wp","href":"https:\/\/api.w.org\/{rel}","templated":true}]}}